{"id":5594,"date":"2023-07-04T14:08:00","date_gmt":"2023-07-04T13:08:00","guid":{"rendered":"http:\/\/webdev.simic.it\/2023\/07\/04\/simic-amplia-i-suoi-investimenti-nellenergia-eolica\/"},"modified":"2024-08-30T10:00:35","modified_gmt":"2024-08-30T09:00:35","slug":"simic-amplia-i-suoi-investimenti-nellenergia-eolica","status":"publish","type":"post","link":"https:\/\/www.simic.it\/it\/2023\/07\/04\/simic-amplia-i-suoi-investimenti-nellenergia-eolica\/","title":{"rendered":"SIMIC amplia i suoi investimenti nell&#8217;energia eolica"},"content":{"rendered":"\n<p>L&#8217;impegno di SIMIC per le energie rinnovabili continua con la realizzazione di due nuovi parchi eolici da 74MW, ubicati nei comuni di Villacidro e Musei in Sardegna, che comprendono la fornitura e l&#8217;installazione di turbine eoliche assegnate al produttore danese VESTAS per 12 EnVentus V162-6,2 MW, oltre a un contratto di service di 20 anni Active Output Management 5000 (AOM 5000).<\/p>\n\n<p><em>\u201cCon i parchi eolici di Villacidro e Musei, SIMIC raggiunge un importante traguardo di oltre 100 MW di capacit\u00e0 installata solare ed eolica e conferma il suo impegno per la transizione energetica e la sostenibilit\u00e0\u201d<\/em>, afferma Giuseppe Ginola, Fondatore e Amministratore Delegato di SIMIC.<\/p>\n\n<p><em>Nel 2021 SIMIC ha affidato a Vestas il primo ordine di turbine eoliche EnVentus in Italia.<\/em><\/p>\n\n<p><em>\u201c  <\/em>\u201c<em>Vorrei ringraziare SIMIC per aver rinnovato la loro fiducia<\/em> <em>nell&#8217;ultima tecnologia di Vestas. Questo ordine mette in mostra il potenziale della piattaforma EnVentus<\/em> <em>leader del settore per il mercato italiano. La vasta gamma di soluzioni personalizzate per<\/em><em> soddisfare le esigenze di ogni progetto e la capacit\u00e0 di aumentare la produzione annua di energia consentono ai nostri clienti di ottimizzare il proprio business\u201d<\/em>, afferma Francesco Amati, General Manager di Vestas per l&#8217;Italia e la Turchia. <\/p>\n\n<p>La consegna delle turbine \u00e8 prevista per la prima met\u00e0 del 2024, mentre la messa in servizio \u00e8 prevista per la seconda met\u00e0 del 2024.<\/p>\n\n<p><em>Le energie rinnovabili continuano a far parte dell&#8217;approccio pi\u00f9 ampio di SIMIC alla transizione energetica e a contribuire a una societ\u00e0 pi\u00f9 sostenibile.<\/em><\/p>\n\n<p><em>Per maggiori info:<\/em><a href=\"https:\/\/lnkd.in\/eMgZAJqM\">https:\/\/lnkd.in\/eMgZAJqM<\/a><\/p>\n","protected":false},"excerpt":{"rendered":"<p>L&#8217;impegno di SIMIC per le energie rinnovabili continua<\/p>\n","protected":false},"author":3,"featured_media":3471,"comment_status":"closed","ping_status":"closed","sticky":false,"template":"","format":"standard","meta":{"_acf_changed":false,"footnotes":""},"categories":[47],"tags":[],"modello_di_pagina":[],"class_list":["post-5594","post","type-post","status-publish","format-standard","has-post-thumbnail","hentry","category-non-categorizzato"],"acf":[],"yoast_head":"<!-- This site is optimized with the Yoast SEO plugin v27.3 - https:\/\/yoast.com\/product\/yoast-seo-wordpress\/ -->\n<title>SIMIC amplia i suoi investimenti nell&#039;energia eolica - Simic S.p.A.<\/title>\n<meta name=\"robots\" content=\"index, follow, max-snippet:-1, max-image-preview:large, max-video-preview:-1\" \/>\n<link rel=\"canonical\" href=\"https:\/\/www.simic.it\/it\/2023\/07\/04\/simic-amplia-i-suoi-investimenti-nellenergia-eolica\/\" \/>\n<meta property=\"og:locale\" content=\"it_IT\" \/>\n<meta property=\"og:type\" content=\"article\" \/>\n<meta property=\"og:title\" content=\"SIMIC amplia i suoi investimenti nell&#039;energia eolica - Simic S.p.A.\" \/>\n<meta property=\"og:description\" content=\"L&#039;impegno di SIMIC per le energie rinnovabili continua\" \/>\n<meta property=\"og:url\" content=\"https:\/\/www.simic.it\/it\/2023\/07\/04\/simic-amplia-i-suoi-investimenti-nellenergia-eolica\/\" \/>\n<meta property=\"og:site_name\" content=\"Simic S.p.A.\" \/>\n<meta property=\"article:publisher\" content=\"https:\/\/www.facebook.com\/simicspa\/\" \/>\n<meta property=\"article:published_time\" content=\"2023-07-04T13:08:00+00:00\" \/>\n<meta property=\"article:modified_time\" content=\"2024-08-30T09:00:35+00:00\" \/>\n<meta property=\"og:image\" content=\"https:\/\/www.simic.it\/wp-content\/uploads\/2024\/08\/SIMIC-expands-its-investment-in-Wind-Energy.jpg\" \/>\n\t<meta property=\"og:image:width\" content=\"630\" \/>\n\t<meta property=\"og:image:height\" content=\"354\" \/>\n\t<meta property=\"og:image:type\" content=\"image\/jpeg\" \/>\n<meta name=\"author\" content=\"Fabri\" \/>\n<meta name=\"twitter:card\" content=\"summary_large_image\" \/>\n<meta name=\"twitter:label1\" content=\"Scritto da\" \/>\n\t<meta name=\"twitter:data1\" content=\"Fabri\" \/>\n<script type=\"application\/ld+json\" class=\"yoast-schema-graph\">{\"@context\":\"https:\\\/\\\/schema.org\",\"@graph\":[{\"@type\":\"Article\",\"@id\":\"https:\\\/\\\/www.simic.it\\\/it\\\/2023\\\/07\\\/04\\\/simic-amplia-i-suoi-investimenti-nellenergia-eolica\\\/#article\",\"isPartOf\":{\"@id\":\"https:\\\/\\\/www.simic.it\\\/it\\\/2023\\\/07\\\/04\\\/simic-amplia-i-suoi-investimenti-nellenergia-eolica\\\/\"},\"author\":{\"name\":\"Fabri\",\"@id\":\"\\\/#\\\/schema\\\/person\\\/0b93b2b843861c5e400c313e2fe24415\"},\"headline\":\"SIMIC amplia i suoi investimenti nell&#8217;energia eolica\",\"datePublished\":\"2023-07-04T13:08:00+00:00\",\"dateModified\":\"2024-08-30T09:00:35+00:00\",\"mainEntityOfPage\":{\"@id\":\"https:\\\/\\\/www.simic.it\\\/it\\\/2023\\\/07\\\/04\\\/simic-amplia-i-suoi-investimenti-nellenergia-eolica\\\/\"},\"wordCount\":254,\"publisher\":{\"@id\":\"\\\/#organization\"},\"image\":{\"@id\":\"https:\\\/\\\/www.simic.it\\\/it\\\/2023\\\/07\\\/04\\\/simic-amplia-i-suoi-investimenti-nellenergia-eolica\\\/#primaryimage\"},\"thumbnailUrl\":\"https:\\\/\\\/www.simic.it\\\/wp-content\\\/uploads\\\/2024\\\/08\\\/SIMIC-expands-its-investment-in-Wind-Energy.jpg\",\"articleSection\":[\"Non categorizzato\"],\"inLanguage\":\"it-IT\"},{\"@type\":\"WebPage\",\"@id\":\"https:\\\/\\\/www.simic.it\\\/it\\\/2023\\\/07\\\/04\\\/simic-amplia-i-suoi-investimenti-nellenergia-eolica\\\/\",\"url\":\"https:\\\/\\\/www.simic.it\\\/it\\\/2023\\\/07\\\/04\\\/simic-amplia-i-suoi-investimenti-nellenergia-eolica\\\/\",\"name\":\"SIMIC amplia i suoi investimenti nell'energia eolica - Simic S.p.A.\",\"isPartOf\":{\"@id\":\"\\\/#website\"},\"primaryImageOfPage\":{\"@id\":\"https:\\\/\\\/www.simic.it\\\/it\\\/2023\\\/07\\\/04\\\/simic-amplia-i-suoi-investimenti-nellenergia-eolica\\\/#primaryimage\"},\"image\":{\"@id\":\"https:\\\/\\\/www.simic.it\\\/it\\\/2023\\\/07\\\/04\\\/simic-amplia-i-suoi-investimenti-nellenergia-eolica\\\/#primaryimage\"},\"thumbnailUrl\":\"https:\\\/\\\/www.simic.it\\\/wp-content\\\/uploads\\\/2024\\\/08\\\/SIMIC-expands-its-investment-in-Wind-Energy.jpg\",\"datePublished\":\"2023-07-04T13:08:00+00:00\",\"dateModified\":\"2024-08-30T09:00:35+00:00\",\"breadcrumb\":{\"@id\":\"https:\\\/\\\/www.simic.it\\\/it\\\/2023\\\/07\\\/04\\\/simic-amplia-i-suoi-investimenti-nellenergia-eolica\\\/#breadcrumb\"},\"inLanguage\":\"it-IT\",\"potentialAction\":[{\"@type\":\"ReadAction\",\"target\":[\"https:\\\/\\\/www.simic.it\\\/it\\\/2023\\\/07\\\/04\\\/simic-amplia-i-suoi-investimenti-nellenergia-eolica\\\/\"]}]},{\"@type\":\"ImageObject\",\"inLanguage\":\"it-IT\",\"@id\":\"https:\\\/\\\/www.simic.it\\\/it\\\/2023\\\/07\\\/04\\\/simic-amplia-i-suoi-investimenti-nellenergia-eolica\\\/#primaryimage\",\"url\":\"https:\\\/\\\/www.simic.it\\\/wp-content\\\/uploads\\\/2024\\\/08\\\/SIMIC-expands-its-investment-in-Wind-Energy.jpg\",\"contentUrl\":\"https:\\\/\\\/www.simic.it\\\/wp-content\\\/uploads\\\/2024\\\/08\\\/SIMIC-expands-its-investment-in-Wind-Energy.jpg\",\"width\":630,\"height\":354},{\"@type\":\"BreadcrumbList\",\"@id\":\"https:\\\/\\\/www.simic.it\\\/it\\\/2023\\\/07\\\/04\\\/simic-amplia-i-suoi-investimenti-nellenergia-eolica\\\/#breadcrumb\",\"itemListElement\":[{\"@type\":\"ListItem\",\"position\":1,\"name\":\"Home\",\"item\":\"https:\\\/\\\/www.simic.it\\\/it\\\/\"},{\"@type\":\"ListItem\",\"position\":2,\"name\":\"SIMIC amplia i suoi investimenti nell&#8217;energia eolica\"}]},{\"@type\":\"WebSite\",\"@id\":\"\\\/#website\",\"url\":\"\\\/\",\"name\":\"Simic S.p.A.\",\"description\":\"\",\"publisher\":{\"@id\":\"\\\/#organization\"},\"potentialAction\":[{\"@type\":\"SearchAction\",\"target\":{\"@type\":\"EntryPoint\",\"urlTemplate\":\"\\\/?s={search_term_string}\"},\"query-input\":{\"@type\":\"PropertyValueSpecification\",\"valueRequired\":true,\"valueName\":\"search_term_string\"}}],\"inLanguage\":\"it-IT\"},{\"@type\":\"Organization\",\"@id\":\"\\\/#organization\",\"name\":\"Simic S.p.A.\",\"url\":\"\\\/\",\"logo\":{\"@type\":\"ImageObject\",\"inLanguage\":\"it-IT\",\"@id\":\"\\\/#\\\/schema\\\/logo\\\/image\\\/\",\"url\":\"https:\\\/\\\/www.simic.it\\\/wp-content\\\/uploads\\\/2024\\\/10\\\/SoloLogo_no_SIMIC.png\",\"contentUrl\":\"https:\\\/\\\/www.simic.it\\\/wp-content\\\/uploads\\\/2024\\\/10\\\/SoloLogo_no_SIMIC.png\",\"width\":512,\"height\":512,\"caption\":\"Simic S.p.A.\"},\"image\":{\"@id\":\"\\\/#\\\/schema\\\/logo\\\/image\\\/\"},\"sameAs\":[\"https:\\\/\\\/www.facebook.com\\\/simicspa\\\/\",\"https:\\\/\\\/www.linkedin.com\\\/company\\\/simic-s-p-a\\\/\",\"https:\\\/\\\/www.instagram.com\\\/simicspa\\\/\"]},{\"@type\":\"Person\",\"@id\":\"\\\/#\\\/schema\\\/person\\\/0b93b2b843861c5e400c313e2fe24415\",\"name\":\"Fabri\",\"url\":\"https:\\\/\\\/www.simic.it\\\/it\\\/author\\\/fabri\\\/\"}]}<\/script>\n<!-- \/ Yoast SEO plugin. -->","yoast_head_json":{"title":"SIMIC amplia i suoi investimenti nell'energia eolica - Simic S.p.A.","robots":{"index":"index","follow":"follow","max-snippet":"max-snippet:-1","max-image-preview":"max-image-preview:large","max-video-preview":"max-video-preview:-1"},"canonical":"https:\/\/www.simic.it\/it\/2023\/07\/04\/simic-amplia-i-suoi-investimenti-nellenergia-eolica\/","og_locale":"it_IT","og_type":"article","og_title":"SIMIC amplia i suoi investimenti nell'energia eolica - Simic S.p.A.","og_description":"L'impegno di SIMIC per le energie rinnovabili continua","og_url":"https:\/\/www.simic.it\/it\/2023\/07\/04\/simic-amplia-i-suoi-investimenti-nellenergia-eolica\/","og_site_name":"Simic S.p.A.","article_publisher":"https:\/\/www.facebook.com\/simicspa\/","article_published_time":"2023-07-04T13:08:00+00:00","article_modified_time":"2024-08-30T09:00:35+00:00","og_image":[{"width":630,"height":354,"url":"https:\/\/www.simic.it\/wp-content\/uploads\/2024\/08\/SIMIC-expands-its-investment-in-Wind-Energy.jpg","type":"image\/jpeg"}],"author":"Fabri","twitter_card":"summary_large_image","twitter_misc":{"Scritto da":"Fabri"},"schema":{"@context":"https:\/\/schema.org","@graph":[{"@type":"Article","@id":"https:\/\/www.simic.it\/it\/2023\/07\/04\/simic-amplia-i-suoi-investimenti-nellenergia-eolica\/#article","isPartOf":{"@id":"https:\/\/www.simic.it\/it\/2023\/07\/04\/simic-amplia-i-suoi-investimenti-nellenergia-eolica\/"},"author":{"name":"Fabri","@id":"\/#\/schema\/person\/0b93b2b843861c5e400c313e2fe24415"},"headline":"SIMIC amplia i suoi investimenti nell&#8217;energia eolica","datePublished":"2023-07-04T13:08:00+00:00","dateModified":"2024-08-30T09:00:35+00:00","mainEntityOfPage":{"@id":"https:\/\/www.simic.it\/it\/2023\/07\/04\/simic-amplia-i-suoi-investimenti-nellenergia-eolica\/"},"wordCount":254,"publisher":{"@id":"\/#organization"},"image":{"@id":"https:\/\/www.simic.it\/it\/2023\/07\/04\/simic-amplia-i-suoi-investimenti-nellenergia-eolica\/#primaryimage"},"thumbnailUrl":"https:\/\/www.simic.it\/wp-content\/uploads\/2024\/08\/SIMIC-expands-its-investment-in-Wind-Energy.jpg","articleSection":["Non categorizzato"],"inLanguage":"it-IT"},{"@type":"WebPage","@id":"https:\/\/www.simic.it\/it\/2023\/07\/04\/simic-amplia-i-suoi-investimenti-nellenergia-eolica\/","url":"https:\/\/www.simic.it\/it\/2023\/07\/04\/simic-amplia-i-suoi-investimenti-nellenergia-eolica\/","name":"SIMIC amplia i suoi investimenti nell'energia eolica - Simic S.p.A.","isPartOf":{"@id":"\/#website"},"primaryImageOfPage":{"@id":"https:\/\/www.simic.it\/it\/2023\/07\/04\/simic-amplia-i-suoi-investimenti-nellenergia-eolica\/#primaryimage"},"image":{"@id":"https:\/\/www.simic.it\/it\/2023\/07\/04\/simic-amplia-i-suoi-investimenti-nellenergia-eolica\/#primaryimage"},"thumbnailUrl":"https:\/\/www.simic.it\/wp-content\/uploads\/2024\/08\/SIMIC-expands-its-investment-in-Wind-Energy.jpg","datePublished":"2023-07-04T13:08:00+00:00","dateModified":"2024-08-30T09:00:35+00:00","breadcrumb":{"@id":"https:\/\/www.simic.it\/it\/2023\/07\/04\/simic-amplia-i-suoi-investimenti-nellenergia-eolica\/#breadcrumb"},"inLanguage":"it-IT","potentialAction":[{"@type":"ReadAction","target":["https:\/\/www.simic.it\/it\/2023\/07\/04\/simic-amplia-i-suoi-investimenti-nellenergia-eolica\/"]}]},{"@type":"ImageObject","inLanguage":"it-IT","@id":"https:\/\/www.simic.it\/it\/2023\/07\/04\/simic-amplia-i-suoi-investimenti-nellenergia-eolica\/#primaryimage","url":"https:\/\/www.simic.it\/wp-content\/uploads\/2024\/08\/SIMIC-expands-its-investment-in-Wind-Energy.jpg","contentUrl":"https:\/\/www.simic.it\/wp-content\/uploads\/2024\/08\/SIMIC-expands-its-investment-in-Wind-Energy.jpg","width":630,"height":354},{"@type":"BreadcrumbList","@id":"https:\/\/www.simic.it\/it\/2023\/07\/04\/simic-amplia-i-suoi-investimenti-nellenergia-eolica\/#breadcrumb","itemListElement":[{"@type":"ListItem","position":1,"name":"Home","item":"https:\/\/www.simic.it\/it\/"},{"@type":"ListItem","position":2,"name":"SIMIC amplia i suoi investimenti nell&#8217;energia eolica"}]},{"@type":"WebSite","@id":"\/#website","url":"\/","name":"Simic S.p.A.","description":"","publisher":{"@id":"\/#organization"},"potentialAction":[{"@type":"SearchAction","target":{"@type":"EntryPoint","urlTemplate":"\/?s={search_term_string}"},"query-input":{"@type":"PropertyValueSpecification","valueRequired":true,"valueName":"search_term_string"}}],"inLanguage":"it-IT"},{"@type":"Organization","@id":"\/#organization","name":"Simic S.p.A.","url":"\/","logo":{"@type":"ImageObject","inLanguage":"it-IT","@id":"\/#\/schema\/logo\/image\/","url":"https:\/\/www.simic.it\/wp-content\/uploads\/2024\/10\/SoloLogo_no_SIMIC.png","contentUrl":"https:\/\/www.simic.it\/wp-content\/uploads\/2024\/10\/SoloLogo_no_SIMIC.png","width":512,"height":512,"caption":"Simic S.p.A."},"image":{"@id":"\/#\/schema\/logo\/image\/"},"sameAs":["https:\/\/www.facebook.com\/simicspa\/","https:\/\/www.linkedin.com\/company\/simic-s-p-a\/","https:\/\/www.instagram.com\/simicspa\/"]},{"@type":"Person","@id":"\/#\/schema\/person\/0b93b2b843861c5e400c313e2fe24415","name":"Fabri","url":"https:\/\/www.simic.it\/it\/author\/fabri\/"}]}},"_links":{"self":[{"href":"https:\/\/www.simic.it\/it\/wp-json\/wp\/v2\/posts\/5594","targetHints":{"allow":["GET"]}}],"collection":[{"href":"https:\/\/www.simic.it\/it\/wp-json\/wp\/v2\/posts"}],"about":[{"href":"https:\/\/www.simic.it\/it\/wp-json\/wp\/v2\/types\/post"}],"author":[{"embeddable":true,"href":"https:\/\/www.simic.it\/it\/wp-json\/wp\/v2\/users\/3"}],"replies":[{"embeddable":true,"href":"https:\/\/www.simic.it\/it\/wp-json\/wp\/v2\/comments?post=5594"}],"version-history":[{"count":0,"href":"https:\/\/www.simic.it\/it\/wp-json\/wp\/v2\/posts\/5594\/revisions"}],"wp:featuredmedia":[{"embeddable":true,"href":"https:\/\/www.simic.it\/it\/wp-json\/wp\/v2\/media\/3471"}],"wp:attachment":[{"href":"https:\/\/www.simic.it\/it\/wp-json\/wp\/v2\/media?parent=5594"}],"wp:term":[{"taxonomy":"category","embeddable":true,"href":"https:\/\/www.simic.it\/it\/wp-json\/wp\/v2\/categories?post=5594"},{"taxonomy":"post_tag","embeddable":true,"href":"https:\/\/www.simic.it\/it\/wp-json\/wp\/v2\/tags?post=5594"},{"taxonomy":"modello_di_pagina","embeddable":true,"href":"https:\/\/www.simic.it\/it\/wp-json\/wp\/v2\/modello_di_pagina?post=5594"}],"curies":[{"name":"wp","href":"https:\/\/api.w.org\/{rel}","templated":true}]}}