{"id":8189,"date":"2024-12-09T18:02:53","date_gmt":"2024-12-09T16:02:53","guid":{"rendered":"https:\/\/www.simic.it\/?p=8189"},"modified":"2024-12-09T18:07:26","modified_gmt":"2024-12-09T16:07:26","slug":"giornata-annuale-dellassociazione-nucleare-italiana","status":"publish","type":"post","link":"https:\/\/www.simic.it\/it\/2024\/12\/09\/giornata-annuale-dellassociazione-nucleare-italiana\/","title":{"rendered":"GIORNATA ANNUALE DELL\u2019ASSOCIAZIONE NUCLEARE ITALIANA"},"content":{"rendered":"\n<p>Si \u00e8 svolta a Roma il 3 Dicembre scorso la Giornata Annuale dell\u2019 <a href=\"https:\/\/www.linkedin.com\/company\/associazione-italiana-nucleare\">Associazione Italiana Nucleare<\/a> (AIN) dedicata a \u201cL\u2019Industria Italiana e le Opportunit\u00e0 del Nuovo Nucleare, a cui ha partecipato Marianna Ginola, Head of Nuclear &amp; Fusion di SIMIC, membro del Consiglio Direttivo di <a href=\"https:\/\/www.linkedin.com\/company\/european-fusion-association\/\">AIN e di EFA<\/a>.<\/p>\n\n\n\n<p>Ha aperto i lavori il Presidente <a href=\"https:\/\/www.linkedin.com\/in\/stefano-monti-\">Stefano Monti<\/a>, seguito dall\u2019intervento del Ministro<a href=\"https:\/\/www.linkedin.com\/in\/adolfo-urso\"> Adolfo Urso<\/a>.<\/p>\n\n\n\n<p>Marianna Ginola \u00e8 intervenuta nel panel \u201cL\u2019industria nucleare italiana all\u2019estero e il supporto della ricerca\u201d, moderato da <a href=\"https:\/\/www.linkedin.com\/in\/roberto-adinolfi-\">Roberto Adinolfi<\/a> ed ha evidenziato il rilevante coinvolgimento di SIMIC nella Fusione, mediante una collaborazione continuativa da oltre 20 anni, specialmente nel progetto ITER, ma anche pi\u00f9 recentemente nel settore privato della fusione, per cui SIMIC ha realizzato molti componenti complessi, partendo dalla prototipazione, fino all\u2019industrializzazione e alla produzione di serie di parti critiche delle macchine #tokamak che hanno permesso a SIMIC di raggiungere livelli di eccellenza in termini di qualit\u00e0, tempi di consegna, tecnologia e capacit\u00e0 di innovazione.<\/p>\n\n\n\n<p>\u00c8 stato dato risalto all\u2019importanza di collaborazioni e sinergie con altre aziende per avere successo in contesti complessi sui mercati esteri. La capacit\u00e0 di fare sistema a livello Europeo \u00e8 fondamentale ma non scontato, dato anche il contesto molto frammentato che caratterizza l\u2019Europa. A tal proposito, \u00e8 stata citata la European Fusion Association (EFA), che \u00e8 stata costituita a Bruxelles lo scorso Settembre da 12 aziende europee, leader nel settore della fusione, con lo scopo di fare sistema e rappresentare gli interessi dell\u2019industria della fusione a livello Europeo, supportando la spinta per la fusione e sensibilizzando le istituzioni e gli stakeholders per far s\u00ec che l\u2019Europa non resti indietro in un settore cos\u00ec importante e strategico.<\/p>\n\n\n\n<p>Per quanto riguarda l\u2019Italia, si auspica che il Governo italiano sappia accelerare l\u2019iter autorizzativo del nuovo nucleare, per allinearsi ai programmi europei. Si dovr\u00e0 lavorare sulla comunicazione e sulla divulgazione per far s\u00ec che le nuove generazioni siano sempre pi\u00f9 predisposte ad accogliere il nuovo nucleare sostenibile in Italia. A tal proposito, il ruolo di AIN continuer\u00e0 ad essere fondamentale come interlocutore verso le Istituzioni e verso gli stakeholders.<\/p>\n\n\n\n<p>Si ringraziano gli organizzatori di AIN e ai colleghi che hanno contribuito all\u2019interessante panel: <a href=\"https:\/\/www.linkedin.com\/in\/gianluca-benamati-86639b249\/\">Gianluca Benamati<\/a>&#8211; <a href=\"https:\/\/www.linkedin.com\/company\/enea-2\/\">ENEA<\/a>, <a href=\"https:\/\/www.linkedin.com\/in\/andrea-bombardi-60788a76\/\">Andrea Bombardi<\/a> &#8211; <a href=\"https:\/\/www.linkedin.com\/company\/rina\/\">RINA<\/a>, <a href=\"https:\/\/www.linkedin.com\/in\/daniela-gentile-0b183389\/\">Daniela Gentile<\/a> &#8211; <a href=\"https:\/\/www.linkedin.com\/company\/ansaldo-nucleare\/\">Ansaldo Nucleare<\/a>, <a href=\"https:\/\/www.linkedin.com\/in\/elisabeth-rizzotti\/?lipi=urn%3Ali%3Apage%3Ad_flagship3_detail_base%3Bb7JQW08%2FS4uIFuhGVFPrdQ%3D%3D\">Elisabeth Rizzotti<\/a> &#8211; <a href=\"https:\/\/www.linkedin.com\/company\/newcleo\/?lipi=urn%3Ali%3Apage%3Ad_flagship3_detail_base%3Bb7JQW08%2FS4uIFuhGVFPrdQ%3D%3D\">newcleo<\/a>, <a href=\"https:\/\/www.linkedin.com\/in\/marco-ricotti-8151687\/\">Marco Ricotti<\/a> &#8211; CIRTEN, <a href=\"https:\/\/www.linkedin.com\/in\/francescosquaratti\/\">Francesco Squaratti<\/a> &#8211; <a href=\"https:\/\/www.linkedin.com\/company\/atb-riva-calzoni-spa\/\">ATB RIVA CALZONI SPA<\/a> e <a href=\"https:\/\/www.linkedin.com\/in\/luca-tosto-0091228\/\">Luca Tosto<\/a> &#8211; &nbsp;<a href=\"https:\/\/www.linkedin.com\/company\/walter-tosto-s.p.a.\/\">Walter Tosto S.p.A.<\/a><\/p>\n","protected":false},"excerpt":{"rendered":"<p>Si \u00e8 svolta a Roma il 3 Dicembre scorso la Giornata Annuale dell\u2019 Associazione Italiana Nucleare (AIN) dedicata a \u201cL\u2019Industria Italiana e le Opportunit\u00e0 del Nuovo Nucleare, a cui ha partecipato Marianna Ginola, Head of Nuclear &#038; Fusion di SIMIC, membro del Consiglio Direttivo di AIN e di EFA.<\/p>\n","protected":false},"author":9,"featured_media":8186,"comment_status":"closed","ping_status":"closed","sticky":false,"template":"","format":"standard","meta":{"_acf_changed":false,"footnotes":""},"categories":[47],"tags":[],"modello_di_pagina":[],"class_list":["post-8189","post","type-post","status-publish","format-standard","has-post-thumbnail","hentry","category-non-categorizzato"],"acf":[],"yoast_head":"<!-- This site is optimized with the Yoast SEO plugin v27.3 - https:\/\/yoast.com\/product\/yoast-seo-wordpress\/ -->\n<title>GIORNATA ANNUALE DELL\u2019ASSOCIAZIONE NUCLEARE ITALIANA - Simic S.p.A.<\/title>\n<meta name=\"robots\" content=\"index, follow, max-snippet:-1, max-image-preview:large, max-video-preview:-1\" \/>\n<link rel=\"canonical\" href=\"https:\/\/www.simic.it\/it\/2024\/12\/09\/giornata-annuale-dellassociazione-nucleare-italiana\/\" \/>\n<meta property=\"og:locale\" content=\"it_IT\" \/>\n<meta property=\"og:type\" content=\"article\" \/>\n<meta property=\"og:title\" content=\"GIORNATA ANNUALE DELL\u2019ASSOCIAZIONE NUCLEARE ITALIANA - Simic S.p.A.\" \/>\n<meta property=\"og:description\" content=\"Si \u00e8 svolta a Roma il 3 Dicembre scorso la Giornata Annuale dell\u2019 Associazione Italiana Nucleare (AIN) dedicata a \u201cL\u2019Industria Italiana e le Opportunit\u00e0 del Nuovo Nucleare, a cui ha partecipato Marianna Ginola, Head of Nuclear &amp; Fusion di SIMIC, membro del Consiglio Direttivo di AIN e di EFA.\" \/>\n<meta property=\"og:url\" content=\"https:\/\/www.simic.it\/it\/2024\/12\/09\/giornata-annuale-dellassociazione-nucleare-italiana\/\" \/>\n<meta property=\"og:site_name\" content=\"Simic S.p.A.\" \/>\n<meta property=\"article:publisher\" content=\"https:\/\/www.facebook.com\/simicspa\/\" \/>\n<meta property=\"article:published_time\" content=\"2024-12-09T16:02:53+00:00\" \/>\n<meta property=\"article:modified_time\" content=\"2024-12-09T16:07:26+00:00\" \/>\n<meta property=\"og:image\" content=\"https:\/\/www.simic.it\/wp-content\/uploads\/2024\/12\/MG_9588-scaled.jpg\" \/>\n\t<meta property=\"og:image:width\" content=\"2560\" \/>\n\t<meta property=\"og:image:height\" content=\"1707\" \/>\n\t<meta property=\"og:image:type\" content=\"image\/jpeg\" \/>\n<meta name=\"author\" content=\"Simone Piovano\" \/>\n<meta name=\"twitter:card\" content=\"summary_large_image\" \/>\n<meta name=\"twitter:label1\" content=\"Scritto da\" \/>\n\t<meta name=\"twitter:data1\" content=\"Simone Piovano\" \/>\n\t<meta name=\"twitter:label2\" content=\"Tempo di lettura stimato\" \/>\n\t<meta name=\"twitter:data2\" content=\"2 minuti\" \/>\n<script type=\"application\/ld+json\" class=\"yoast-schema-graph\">{\"@context\":\"https:\\\/\\\/schema.org\",\"@graph\":[{\"@type\":\"Article\",\"@id\":\"https:\\\/\\\/www.simic.it\\\/it\\\/2024\\\/12\\\/09\\\/giornata-annuale-dellassociazione-nucleare-italiana\\\/#article\",\"isPartOf\":{\"@id\":\"https:\\\/\\\/www.simic.it\\\/it\\\/2024\\\/12\\\/09\\\/giornata-annuale-dellassociazione-nucleare-italiana\\\/\"},\"author\":{\"name\":\"Simone Piovano\",\"@id\":\"\\\/#\\\/schema\\\/person\\\/28db827297c67cc6a03e963685ce0c24\"},\"headline\":\"GIORNATA ANNUALE DELL\u2019ASSOCIAZIONE NUCLEARE ITALIANA\",\"datePublished\":\"2024-12-09T16:02:53+00:00\",\"dateModified\":\"2024-12-09T16:07:26+00:00\",\"mainEntityOfPage\":{\"@id\":\"https:\\\/\\\/www.simic.it\\\/it\\\/2024\\\/12\\\/09\\\/giornata-annuale-dellassociazione-nucleare-italiana\\\/\"},\"wordCount\":404,\"publisher\":{\"@id\":\"\\\/#organization\"},\"image\":{\"@id\":\"https:\\\/\\\/www.simic.it\\\/it\\\/2024\\\/12\\\/09\\\/giornata-annuale-dellassociazione-nucleare-italiana\\\/#primaryimage\"},\"thumbnailUrl\":\"https:\\\/\\\/www.simic.it\\\/wp-content\\\/uploads\\\/2024\\\/12\\\/MG_9588-scaled.jpg\",\"articleSection\":[\"Non categorizzato\"],\"inLanguage\":\"it-IT\"},{\"@type\":\"WebPage\",\"@id\":\"https:\\\/\\\/www.simic.it\\\/it\\\/2024\\\/12\\\/09\\\/giornata-annuale-dellassociazione-nucleare-italiana\\\/\",\"url\":\"https:\\\/\\\/www.simic.it\\\/it\\\/2024\\\/12\\\/09\\\/giornata-annuale-dellassociazione-nucleare-italiana\\\/\",\"name\":\"GIORNATA ANNUALE DELL\u2019ASSOCIAZIONE NUCLEARE ITALIANA - Simic S.p.A.\",\"isPartOf\":{\"@id\":\"\\\/#website\"},\"primaryImageOfPage\":{\"@id\":\"https:\\\/\\\/www.simic.it\\\/it\\\/2024\\\/12\\\/09\\\/giornata-annuale-dellassociazione-nucleare-italiana\\\/#primaryimage\"},\"image\":{\"@id\":\"https:\\\/\\\/www.simic.it\\\/it\\\/2024\\\/12\\\/09\\\/giornata-annuale-dellassociazione-nucleare-italiana\\\/#primaryimage\"},\"thumbnailUrl\":\"https:\\\/\\\/www.simic.it\\\/wp-content\\\/uploads\\\/2024\\\/12\\\/MG_9588-scaled.jpg\",\"datePublished\":\"2024-12-09T16:02:53+00:00\",\"dateModified\":\"2024-12-09T16:07:26+00:00\",\"breadcrumb\":{\"@id\":\"https:\\\/\\\/www.simic.it\\\/it\\\/2024\\\/12\\\/09\\\/giornata-annuale-dellassociazione-nucleare-italiana\\\/#breadcrumb\"},\"inLanguage\":\"it-IT\",\"potentialAction\":[{\"@type\":\"ReadAction\",\"target\":[\"https:\\\/\\\/www.simic.it\\\/it\\\/2024\\\/12\\\/09\\\/giornata-annuale-dellassociazione-nucleare-italiana\\\/\"]}]},{\"@type\":\"ImageObject\",\"inLanguage\":\"it-IT\",\"@id\":\"https:\\\/\\\/www.simic.it\\\/it\\\/2024\\\/12\\\/09\\\/giornata-annuale-dellassociazione-nucleare-italiana\\\/#primaryimage\",\"url\":\"https:\\\/\\\/www.simic.it\\\/wp-content\\\/uploads\\\/2024\\\/12\\\/MG_9588-scaled.jpg\",\"contentUrl\":\"https:\\\/\\\/www.simic.it\\\/wp-content\\\/uploads\\\/2024\\\/12\\\/MG_9588-scaled.jpg\",\"width\":2560,\"height\":1707},{\"@type\":\"BreadcrumbList\",\"@id\":\"https:\\\/\\\/www.simic.it\\\/it\\\/2024\\\/12\\\/09\\\/giornata-annuale-dellassociazione-nucleare-italiana\\\/#breadcrumb\",\"itemListElement\":[{\"@type\":\"ListItem\",\"position\":1,\"name\":\"Home\",\"item\":\"https:\\\/\\\/www.simic.it\\\/it\\\/\"},{\"@type\":\"ListItem\",\"position\":2,\"name\":\"GIORNATA ANNUALE DELL\u2019ASSOCIAZIONE NUCLEARE ITALIANA\"}]},{\"@type\":\"WebSite\",\"@id\":\"\\\/#website\",\"url\":\"\\\/\",\"name\":\"Simic S.p.A.\",\"description\":\"\",\"publisher\":{\"@id\":\"\\\/#organization\"},\"potentialAction\":[{\"@type\":\"SearchAction\",\"target\":{\"@type\":\"EntryPoint\",\"urlTemplate\":\"\\\/?s={search_term_string}\"},\"query-input\":{\"@type\":\"PropertyValueSpecification\",\"valueRequired\":true,\"valueName\":\"search_term_string\"}}],\"inLanguage\":\"it-IT\"},{\"@type\":\"Organization\",\"@id\":\"\\\/#organization\",\"name\":\"Simic S.p.A.\",\"url\":\"\\\/\",\"logo\":{\"@type\":\"ImageObject\",\"inLanguage\":\"it-IT\",\"@id\":\"\\\/#\\\/schema\\\/logo\\\/image\\\/\",\"url\":\"https:\\\/\\\/www.simic.it\\\/wp-content\\\/uploads\\\/2024\\\/10\\\/SoloLogo_no_SIMIC.png\",\"contentUrl\":\"https:\\\/\\\/www.simic.it\\\/wp-content\\\/uploads\\\/2024\\\/10\\\/SoloLogo_no_SIMIC.png\",\"width\":512,\"height\":512,\"caption\":\"Simic S.p.A.\"},\"image\":{\"@id\":\"\\\/#\\\/schema\\\/logo\\\/image\\\/\"},\"sameAs\":[\"https:\\\/\\\/www.facebook.com\\\/simicspa\\\/\",\"https:\\\/\\\/www.linkedin.com\\\/company\\\/simic-s-p-a\\\/\",\"https:\\\/\\\/www.instagram.com\\\/simicspa\\\/\"]},{\"@type\":\"Person\",\"@id\":\"\\\/#\\\/schema\\\/person\\\/28db827297c67cc6a03e963685ce0c24\",\"name\":\"Simone Piovano\",\"url\":\"https:\\\/\\\/www.simic.it\\\/it\\\/author\\\/simone-piovano\\\/\"}]}<\/script>\n<!-- \/ Yoast SEO plugin. -->","yoast_head_json":{"title":"GIORNATA ANNUALE DELL\u2019ASSOCIAZIONE NUCLEARE ITALIANA - Simic S.p.A.","robots":{"index":"index","follow":"follow","max-snippet":"max-snippet:-1","max-image-preview":"max-image-preview:large","max-video-preview":"max-video-preview:-1"},"canonical":"https:\/\/www.simic.it\/it\/2024\/12\/09\/giornata-annuale-dellassociazione-nucleare-italiana\/","og_locale":"it_IT","og_type":"article","og_title":"GIORNATA ANNUALE DELL\u2019ASSOCIAZIONE NUCLEARE ITALIANA - Simic S.p.A.","og_description":"Si \u00e8 svolta a Roma il 3 Dicembre scorso la Giornata Annuale dell\u2019 Associazione Italiana Nucleare (AIN) dedicata a \u201cL\u2019Industria Italiana e le Opportunit\u00e0 del Nuovo Nucleare, a cui ha partecipato Marianna Ginola, Head of Nuclear & Fusion di SIMIC, membro del Consiglio Direttivo di AIN e di EFA.","og_url":"https:\/\/www.simic.it\/it\/2024\/12\/09\/giornata-annuale-dellassociazione-nucleare-italiana\/","og_site_name":"Simic S.p.A.","article_publisher":"https:\/\/www.facebook.com\/simicspa\/","article_published_time":"2024-12-09T16:02:53+00:00","article_modified_time":"2024-12-09T16:07:26+00:00","og_image":[{"width":2560,"height":1707,"url":"https:\/\/www.simic.it\/wp-content\/uploads\/2024\/12\/MG_9588-scaled.jpg","type":"image\/jpeg"}],"author":"Simone Piovano","twitter_card":"summary_large_image","twitter_misc":{"Scritto da":"Simone Piovano","Tempo di lettura stimato":"2 minuti"},"schema":{"@context":"https:\/\/schema.org","@graph":[{"@type":"Article","@id":"https:\/\/www.simic.it\/it\/2024\/12\/09\/giornata-annuale-dellassociazione-nucleare-italiana\/#article","isPartOf":{"@id":"https:\/\/www.simic.it\/it\/2024\/12\/09\/giornata-annuale-dellassociazione-nucleare-italiana\/"},"author":{"name":"Simone Piovano","@id":"\/#\/schema\/person\/28db827297c67cc6a03e963685ce0c24"},"headline":"GIORNATA ANNUALE DELL\u2019ASSOCIAZIONE NUCLEARE ITALIANA","datePublished":"2024-12-09T16:02:53+00:00","dateModified":"2024-12-09T16:07:26+00:00","mainEntityOfPage":{"@id":"https:\/\/www.simic.it\/it\/2024\/12\/09\/giornata-annuale-dellassociazione-nucleare-italiana\/"},"wordCount":404,"publisher":{"@id":"\/#organization"},"image":{"@id":"https:\/\/www.simic.it\/it\/2024\/12\/09\/giornata-annuale-dellassociazione-nucleare-italiana\/#primaryimage"},"thumbnailUrl":"https:\/\/www.simic.it\/wp-content\/uploads\/2024\/12\/MG_9588-scaled.jpg","articleSection":["Non categorizzato"],"inLanguage":"it-IT"},{"@type":"WebPage","@id":"https:\/\/www.simic.it\/it\/2024\/12\/09\/giornata-annuale-dellassociazione-nucleare-italiana\/","url":"https:\/\/www.simic.it\/it\/2024\/12\/09\/giornata-annuale-dellassociazione-nucleare-italiana\/","name":"GIORNATA ANNUALE DELL\u2019ASSOCIAZIONE NUCLEARE ITALIANA - Simic S.p.A.","isPartOf":{"@id":"\/#website"},"primaryImageOfPage":{"@id":"https:\/\/www.simic.it\/it\/2024\/12\/09\/giornata-annuale-dellassociazione-nucleare-italiana\/#primaryimage"},"image":{"@id":"https:\/\/www.simic.it\/it\/2024\/12\/09\/giornata-annuale-dellassociazione-nucleare-italiana\/#primaryimage"},"thumbnailUrl":"https:\/\/www.simic.it\/wp-content\/uploads\/2024\/12\/MG_9588-scaled.jpg","datePublished":"2024-12-09T16:02:53+00:00","dateModified":"2024-12-09T16:07:26+00:00","breadcrumb":{"@id":"https:\/\/www.simic.it\/it\/2024\/12\/09\/giornata-annuale-dellassociazione-nucleare-italiana\/#breadcrumb"},"inLanguage":"it-IT","potentialAction":[{"@type":"ReadAction","target":["https:\/\/www.simic.it\/it\/2024\/12\/09\/giornata-annuale-dellassociazione-nucleare-italiana\/"]}]},{"@type":"ImageObject","inLanguage":"it-IT","@id":"https:\/\/www.simic.it\/it\/2024\/12\/09\/giornata-annuale-dellassociazione-nucleare-italiana\/#primaryimage","url":"https:\/\/www.simic.it\/wp-content\/uploads\/2024\/12\/MG_9588-scaled.jpg","contentUrl":"https:\/\/www.simic.it\/wp-content\/uploads\/2024\/12\/MG_9588-scaled.jpg","width":2560,"height":1707},{"@type":"BreadcrumbList","@id":"https:\/\/www.simic.it\/it\/2024\/12\/09\/giornata-annuale-dellassociazione-nucleare-italiana\/#breadcrumb","itemListElement":[{"@type":"ListItem","position":1,"name":"Home","item":"https:\/\/www.simic.it\/it\/"},{"@type":"ListItem","position":2,"name":"GIORNATA ANNUALE DELL\u2019ASSOCIAZIONE NUCLEARE ITALIANA"}]},{"@type":"WebSite","@id":"\/#website","url":"\/","name":"Simic S.p.A.","description":"","publisher":{"@id":"\/#organization"},"potentialAction":[{"@type":"SearchAction","target":{"@type":"EntryPoint","urlTemplate":"\/?s={search_term_string}"},"query-input":{"@type":"PropertyValueSpecification","valueRequired":true,"valueName":"search_term_string"}}],"inLanguage":"it-IT"},{"@type":"Organization","@id":"\/#organization","name":"Simic S.p.A.","url":"\/","logo":{"@type":"ImageObject","inLanguage":"it-IT","@id":"\/#\/schema\/logo\/image\/","url":"https:\/\/www.simic.it\/wp-content\/uploads\/2024\/10\/SoloLogo_no_SIMIC.png","contentUrl":"https:\/\/www.simic.it\/wp-content\/uploads\/2024\/10\/SoloLogo_no_SIMIC.png","width":512,"height":512,"caption":"Simic S.p.A."},"image":{"@id":"\/#\/schema\/logo\/image\/"},"sameAs":["https:\/\/www.facebook.com\/simicspa\/","https:\/\/www.linkedin.com\/company\/simic-s-p-a\/","https:\/\/www.instagram.com\/simicspa\/"]},{"@type":"Person","@id":"\/#\/schema\/person\/28db827297c67cc6a03e963685ce0c24","name":"Simone Piovano","url":"https:\/\/www.simic.it\/it\/author\/simone-piovano\/"}]}},"_links":{"self":[{"href":"https:\/\/www.simic.it\/it\/wp-json\/wp\/v2\/posts\/8189","targetHints":{"allow":["GET"]}}],"collection":[{"href":"https:\/\/www.simic.it\/it\/wp-json\/wp\/v2\/posts"}],"about":[{"href":"https:\/\/www.simic.it\/it\/wp-json\/wp\/v2\/types\/post"}],"author":[{"embeddable":true,"href":"https:\/\/www.simic.it\/it\/wp-json\/wp\/v2\/users\/9"}],"replies":[{"embeddable":true,"href":"https:\/\/www.simic.it\/it\/wp-json\/wp\/v2\/comments?post=8189"}],"version-history":[{"count":0,"href":"https:\/\/www.simic.it\/it\/wp-json\/wp\/v2\/posts\/8189\/revisions"}],"wp:featuredmedia":[{"embeddable":true,"href":"https:\/\/www.simic.it\/it\/wp-json\/wp\/v2\/media\/8186"}],"wp:attachment":[{"href":"https:\/\/www.simic.it\/it\/wp-json\/wp\/v2\/media?parent=8189"}],"wp:term":[{"taxonomy":"category","embeddable":true,"href":"https:\/\/www.simic.it\/it\/wp-json\/wp\/v2\/categories?post=8189"},{"taxonomy":"post_tag","embeddable":true,"href":"https:\/\/www.simic.it\/it\/wp-json\/wp\/v2\/tags?post=8189"},{"taxonomy":"modello_di_pagina","embeddable":true,"href":"https:\/\/www.simic.it\/it\/wp-json\/wp\/v2\/modello_di_pagina?post=8189"}],"curies":[{"name":"wp","href":"https:\/\/api.w.org\/{rel}","templated":true}]}}